{"id":7944,"date":"2025-09-22T17:02:46","date_gmt":"2025-09-22T23:02:46","guid":{"rendered":"https:\/\/recacel.com\/?p=7944"},"modified":"2025-09-23T09:57:47","modified_gmt":"2025-09-23T15:57:47","slug":"recacel-contagia-de-magia-y-ecologia-en-celebracion-del-dia-del-nino","status":"publish","type":"post","link":"https:\/\/recacel.com\/en\/2025\/09\/22\/recacel-contagia-de-magia-y-ecologia-en-celebracion-del-dia-del-nino\/","title":{"rendered":"RECACEL contagia de magia y ecolog\u00eda en celebraci\u00f3n del d\u00eda del ni\u00f1o"},"content":{"rendered":"<p><strong>San Pedro Sula, Cort\u00e9s \u2013 20 de septiembre de 2025<\/strong><\/p>\n\n\n\n<p>En una jornada memorable, <strong>RECACEL<\/strong> transform\u00f3 el pasado 20 de septiembre en un d\u00eda de pura alegr\u00eda, diversi\u00f3n y conciencia ambiental para la comunidad aleda\u00f1a y los hijos de sus colaboradores.<\/p>\n\n\n\n<p>El evento, una celebraci\u00f3n extendida del D\u00eda del Ni\u00f1o, congreg\u00f3 a un total de <strong>130 personas<\/strong> entre ni\u00f1os, adultos y voluntarios, logrando las expectativas al integrar entretenimiento y el env\u00edo de un mensaje ecol\u00f3gico.<\/p>\n\n\n\n\n\n<h2 class=\"wp-block-heading\">Una jornada de magia, juegos y solidaridad<\/h2>\n\n\n\n<p>La festividad, organizada con un claro enfoque en la <strong>responsabilidad ambiental<\/strong>, convoc\u00f3 a los peque\u00f1os y sus familias a participar activamente llevando sus propios residuos reciclables.<\/p>\n\n\n\n<p>La respuesta fue ejemplar: ni\u00f1os y ni\u00f1as aportaron <strong>botellas pl\u00e1sticas, RAEE, latas y cart\u00f3n<\/strong>, demostrando un compromiso temprano con la sostenibilidad.<\/p>\n\n\n\n<p>El programa de actividades fue dise\u00f1ado para garantizar la m\u00e1xima diversi\u00f3n:<\/p>\n\n\n\n<ul class=\"wp-block-list\">\n<li>Juegos tradicionales como <em>baile alrededor de la silla<\/em> y <em>Mar y Tierra<\/em>.<\/li>\n\n\n\n<li>Pi\u00f1atas llenas de sorpresas que desataron la alegr\u00eda de los presentes.<\/li>\n<\/ul>\n\n\n\n<p>Uno de los momentos m\u00e1s aplaudidos fue el espect\u00e1culo de magia del <strong>Mago Jos\u00e9 Z\u00faniga<\/strong>, quien cautiv\u00f3 a grandes y peque\u00f1os con sus ilusiones, a\u00f1adiendo un toque inolvidable a la celebraci\u00f3n.<\/p>\n\n\n\n<p>Gracias a la generosidad de los patrocinadores, los ni\u00f1os degustaron:<\/p>\n\n\n\n<ul class=\"wp-block-list\">\n<li>Pizzas y arroz chino<\/li>\n\n\n\n<li>Pastel, churros y refrescos<\/li>\n<\/ul>\n\n\n\n<p>La jornada culmin\u00f3 con la <strong>entrega de regalos<\/strong> que dibujaron sonrisas en cada rostro. <strong>RECACEL <\/strong>expresa su m\u00e1s profundo agradecimiento a todos quienes hicieron posible este memorable encuentro:<\/p>\n\n\n\n<ul class=\"wp-block-list\">\n<li><strong>Colaboradores<\/strong> de RECACEL y FORTIUS<\/li>\n\n\n\n<li><strong>Voluntarios externos<\/strong> que facilitaron la entrega de comida y obsequios<\/li>\n<\/ul>\n\n\n\n<p>Asimismo, la celebraci\u00f3n no habr\u00eda sido posible sin la generosidad de las empresas y personas patrocinadoras:<br><strong>DIUNSA, Embotelladora de Sula (EMSULA), Corporaci\u00f3n Dinant, <strong>Rodolfo C\u00f3rdoba<\/strong><\/strong>,<strong> Power Chicken \/ Comidas T\u00edpicas , Pollo Gol, Melody Alvarenga, Familia Guifarro, Ang\u00e9lica Lovo, Roger Reyes, Roberto Berm\u00fadez, y Edy Sarmiento<\/strong><\/p>\n\n\n\n<blockquote class=\"wp-block-quote is-layout-flow wp-block-quote-is-layout-flow\">\n<p><em>&#8220;Nos sentimos inmensamente satisfechos de habernos acercado a la comunidad de una manera tan significativa, ofreciendo un espacio de alegr\u00eda y aprendizaje. La activa participaci\u00f3n de los ni\u00f1os en el reciclaje y su disfrute de las actividades refuerzan nuestro compromiso con la comunidad y el medio ambiente,&#8221;<\/em><br>\u2014 <strong>Walter L\u00f3pez, CEO RECACEL<\/strong><\/p>\n<\/blockquote>\n\n\n\n<p><em>Redactado por Elena Hern\u00e1ndez &#8211; Departamento de Comunicaci\u00f3n Corporativa de RECACEL<\/em><\/p>","protected":false},"excerpt":{"rendered":"<p>RECACEL celebr\u00f3 el D\u00eda del Ni\u00f1o con una jornada llena de juegos, magia y conciencia ambiental, reuniendo a m\u00e1s de 130 personas de la comunidad y colaboradores. Entre pi\u00f1atas, reciclaje y sonrisas, la actividad reforz\u00f3 el compromiso de la empresa con el bienestar social y la educaci\u00f3n ambiental en Honduras.<\/p>","protected":false},"author":1,"featured_media":7951,"comment_status":"open","ping_status":"open","sticky":false,"template":"","format":"standard","meta":{"pagelayer_contact_templates":[],"_pagelayer_content":"","footnotes":""},"categories":[50,85],"tags":[91,88,87,78,86,89,65,90],"class_list":["post-7944","post","type-post","status-publish","format-standard","has-post-thumbnail","hentry","category-educacion-ambiental","category-eventos","tag-bioparque-industrial","tag-celebraciones","tag-diadelnino","tag-honduras","tag-raee","tag-recacel","tag-reciclaje","tag-sps"],"blocksy_meta":[],"_links":{"self":[{"href":"https:\/\/recacel.com\/en\/wp-json\/wp\/v2\/posts\/7944","targetHints":{"allow":["GET"]}}],"collection":[{"href":"https:\/\/recacel.com\/en\/wp-json\/wp\/v2\/posts"}],"about":[{"href":"https:\/\/recacel.com\/en\/wp-json\/wp\/v2\/types\/post"}],"author":[{"embeddable":true,"href":"https:\/\/recacel.com\/en\/wp-json\/wp\/v2\/users\/1"}],"replies":[{"embeddable":true,"href":"https:\/\/recacel.com\/en\/wp-json\/wp\/v2\/comments?post=7944"}],"version-history":[{"count":9,"href":"https:\/\/recacel.com\/en\/wp-json\/wp\/v2\/posts\/7944\/revisions"}],"predecessor-version":[{"id":7996,"href":"https:\/\/recacel.com\/en\/wp-json\/wp\/v2\/posts\/7944\/revisions\/7996"}],"wp:featuredmedia":[{"embeddable":true,"href":"https:\/\/recacel.com\/en\/wp-json\/wp\/v2\/media\/7951"}],"wp:attachment":[{"href":"https:\/\/recacel.com\/en\/wp-json\/wp\/v2\/media?parent=7944"}],"wp:term":[{"taxonomy":"category","embeddable":true,"href":"https:\/\/recacel.com\/en\/wp-json\/wp\/v2\/categories?post=7944"},{"taxonomy":"post_tag","embeddable":true,"href":"https:\/\/recacel.com\/en\/wp-json\/wp\/v2\/tags?post=7944"}],"curies":[{"name":"wp","href":"https:\/\/api.w.org\/{rel}","templated":true}]}}