{"id":8031,"date":"2025-09-29T14:29:53","date_gmt":"2025-09-29T20:29:53","guid":{"rendered":"https:\/\/recacel.com\/?p=8031"},"modified":"2025-09-30T09:48:50","modified_gmt":"2025-09-30T15:48:50","slug":"un-proyecto-de-conservacion-y-sabor-unico","status":"publish","type":"post","link":"https:\/\/recacel.com\/en\/2025\/09\/29\/un-proyecto-de-conservacion-y-sabor-unico\/","title":{"rendered":"Proyecto de Conservaci\u00f3n y Sabor \u00danico junto a la FHIA"},"content":{"rendered":"<p><strong>San Pedro Sula, Cort\u00e9s, 23 de septiembre de 2025.<\/strong> <\/p>\n\n\n\n<p><strong>RECACEL<\/strong> tuvo la honorable visita de la <strong><a href=\"https:\/\/fhia.org.hn\/\" data-type=\"link\" data-id=\"https:\/\/fhia.org.hn\/\" target=\"_blank\" rel=\"noopener\">FHIA<\/a> <\/strong>(Fundaci\u00f3n Hondure\u00f1a de Investigaci\u00f3n Agr\u00edcola) para una misi\u00f3n muy especial.<\/p>\n\n\n\n<p>Don Walter, nuestro Gerente General, nos comparti\u00f3 la historia de su preciado y \u00fanico \u00e1rbol de <a href=\"https:\/\/www.gob.mx\/agricultura\/articulos\/mango-mexicano-el-sabor-de-la-primavera?idiom=es\" target=\"_blank\" rel=\"noopener\">mango Ataulfo<\/a>, una variedad poco com\u00fan en Honduras. Con el objetivo de conservar y multiplicar la gen\u00e9tica de este \u00e1rbol tan especial, el equipo de la FHIA vino directamente a nuestras instalaciones para tomar las varetas necesarias.<\/p>\n\n\n\n<p>La <strong>FHIA<\/strong> se encargar\u00e1 de injertar este material utilizando la <a href=\"https:\/\/fhia.org.hn\/wp-content\/uploads\/InfoCacao_No8_Jun_2016.pdf\" target=\"_blank\" rel=\"noopener\">t\u00e9cnica de p\u00faa terminal <\/a>para entregarle a Don Walter 100 plantas de mango id\u00e9nticas a su \u00e1rbol original a principios de diciembre. El <strong>mango Ataulfo<\/strong>, reconocido por su exquisito sabor y poca fibra, tiene su origen en M\u00e9xico y debe su nombre a Ata\u00falfo Morales Gordillo, due\u00f1o de la finca donde se desarroll\u00f3 esta variedad en 1963.<\/p>\n\n\n\n<p>A pesar de que la <strong>FHIA<\/strong> tiene plantas de la variedad de mango Ataulfo a la venta, la ingeniera Gisela Godoy explic\u00f3 que, en este caso, <strong>Don Walter L\u00f3pez<\/strong> prefiri\u00f3 que las plantas se reprodujeran directamente del material gen\u00e9tico de su \u00fanico \u00e1rbol en el biotopo de <strong>Recacel<\/strong>.<\/p>\n\n\n\n<p>La ingeniera agreg\u00f3 que &#8220;es un verdadero placer apoyar esta iniciativa que no solo busca reproducir una fruta deliciosa, sino tambi\u00e9n preservar una gen\u00e9tica especial que est\u00e1 en auge en nuestro pa\u00eds&#8221;.<\/p>\n\n\n\n\n\n<p><\/p>\n\n\n\n<p>Conoce m\u00e1s sobre el Biotopo<a href=\"https:\/\/www.instagram.com\/p\/DML7V7ONWKK\/\" target=\"_blank\" rel=\"noopener\"> aqu\u00ed.<\/a><\/p>\n\n\n\n<p><em>Redactado por: Elena Hern\u00e1ndez &#8211; Comunicaciones Recacel<\/em><\/p>\n\n\n\n<p><\/p>","protected":false},"excerpt":{"rendered":"<p>San Pedro Sula, Cort\u00e9s, 23 de septiembre de 2025. RECACEL tuvo la honorable visita de la FHIA (Fundaci\u00f3n Hondure\u00f1a de Investigaci\u00f3n Agr\u00edcola) para una misi\u00f3n muy especial. Don Walter, nuestro Gerente General, nos comparti\u00f3 la historia de su preciado y \u00fanico \u00e1rbol de mango Ataulfo, una variedad poco com\u00fan en Honduras. Con el objetivo de [&hellip;]<\/p>","protected":false},"author":1,"featured_media":8089,"comment_status":"open","ping_status":"open","sticky":false,"template":"","format":"standard","meta":{"pagelayer_contact_templates":[],"_pagelayer_content":"","footnotes":""},"categories":[94],"tags":[93,78],"class_list":["post-8031","post","type-post","status-publish","format-standard","has-post-thumbnail","hentry","category-biotopo","tag-biotopo","tag-honduras"],"blocksy_meta":{"content_style_source":"inherit","styles_descriptor":{"styles":{"desktop":"","tablet":"","mobile":""},"google_fonts":[],"version":6},"disable_featured_image":"yes"},"_links":{"self":[{"href":"https:\/\/recacel.com\/en\/wp-json\/wp\/v2\/posts\/8031","targetHints":{"allow":["GET"]}}],"collection":[{"href":"https:\/\/recacel.com\/en\/wp-json\/wp\/v2\/posts"}],"about":[{"href":"https:\/\/recacel.com\/en\/wp-json\/wp\/v2\/types\/post"}],"author":[{"embeddable":true,"href":"https:\/\/recacel.com\/en\/wp-json\/wp\/v2\/users\/1"}],"replies":[{"embeddable":true,"href":"https:\/\/recacel.com\/en\/wp-json\/wp\/v2\/comments?post=8031"}],"version-history":[{"count":10,"href":"https:\/\/recacel.com\/en\/wp-json\/wp\/v2\/posts\/8031\/revisions"}],"predecessor-version":[{"id":8090,"href":"https:\/\/recacel.com\/en\/wp-json\/wp\/v2\/posts\/8031\/revisions\/8090"}],"wp:featuredmedia":[{"embeddable":true,"href":"https:\/\/recacel.com\/en\/wp-json\/wp\/v2\/media\/8089"}],"wp:attachment":[{"href":"https:\/\/recacel.com\/en\/wp-json\/wp\/v2\/media?parent=8031"}],"wp:term":[{"taxonomy":"category","embeddable":true,"href":"https:\/\/recacel.com\/en\/wp-json\/wp\/v2\/categories?post=8031"},{"taxonomy":"post_tag","embeddable":true,"href":"https:\/\/recacel.com\/en\/wp-json\/wp\/v2\/tags?post=8031"}],"curies":[{"name":"wp","href":"https:\/\/api.w.org\/{rel}","templated":true}]}}