{"id":8122,"date":"2025-10-08T11:14:35","date_gmt":"2025-10-08T17:14:35","guid":{"rendered":"https:\/\/recacel.com\/?p=8122"},"modified":"2025-10-10T12:03:04","modified_gmt":"2025-10-10T18:03:04","slug":"reciclar-no-es-lo-mismo-que-gestionar-la-diferencia-que-casi-nadie-te-explica","status":"publish","type":"post","link":"https:\/\/recacel.com\/en\/2025\/10\/08\/reciclar-no-es-lo-mismo-que-gestionar-la-diferencia-que-casi-nadie-te-explica\/","title":{"rendered":"Reciclar no es lo mismo que gestionar: la diferencia que casi nadie te explica"},"content":{"rendered":"<p>En Honduras, el inter\u00e9s por el reciclaje ha crecido enormemente a trav\u00e9s de los a\u00f1os. Cada vez m\u00e1s empresas se esmeran por cumplir est\u00e1ndares internacionales de manejo de residuos, ser reconocidas como empresas socialmente responsables y alinearse con los objetivos de desarrollo sostenible <a href=\"https:\/\/www.un.org\/sustainabledevelopment\/es\/sustainable-development-goals\/\" target=\"_blank\" rel=\"noopener\">(ODS)<\/a>. Esta tendencia es algo muy positivo porque demuestra un inter\u00e9s y un cambio hacia una mentalidad ambiental. Sin embargo, tambi\u00e9n revela una confusi\u00f3n muy com\u00fan dentro del sector y es que: <strong>reciclar no es lo mismo que gestionar. <\/strong><\/p>\n\n\n\n<p>A simple vista, podr\u00edas pensar que se pueden intercambiar porque parecen conceptos similares pero en realidad, representan dos etapas completamente distintas dentro del mismo proceso. El reciclaje es la parte visible, la transformaci\u00f3n, mientras que la gesti\u00f3n es la que hace posible la transformaci\u00f3n. <\/p>\n\n\n\n<h2 class=\"wp-block-heading\">\u00bfQu\u00e9 significa reciclar?<\/h2>\n\n\n\n<p>Reciclar en s\u00ed es el proceso de transformar productos ya usados en nuevos productos que puedan volver al ciclo econ\u00f3mico. \u00bfHas escuchado hablar sobre la econom\u00eda circular? Es lo que ocurre cuando las botellas de pl\u00e1stico (PET) atraviesan todo un proceso hasta convertirse en fibra textil, cuando el aluminio se funde para crear nuevas piezas o el papel se transforma en cart\u00f3n. <\/p>\n\n\n\n<figure class=\"wp-block-image aligncenter size-large is-style-default\" style=\"margin-top:0;margin-bottom:0\"><img fetchpriority=\"high\" decoding=\"async\" width=\"1024\" height=\"684\" src=\"https:\/\/recacel.com\/wp-content\/uploads\/2025\/10\/pexels-tomfisk-3181031-1024x684.webp\" alt=\"Vista de p\u00e1jaro de un mar de residuos siendo excavados. La excavadora est\u00e1 justo en el centro. \" class=\"wp-image-8123\" srcset=\"https:\/\/recacel.com\/wp-content\/uploads\/2025\/10\/pexels-tomfisk-3181031-1024x684.webp 1024w, https:\/\/recacel.com\/wp-content\/uploads\/2025\/10\/pexels-tomfisk-3181031-300x200.webp 300w, https:\/\/recacel.com\/wp-content\/uploads\/2025\/10\/pexels-tomfisk-3181031-768x513.webp 768w, https:\/\/recacel.com\/wp-content\/uploads\/2025\/10\/pexels-tomfisk-3181031-1536x1026.webp 1536w, https:\/\/recacel.com\/wp-content\/uploads\/2025\/10\/pexels-tomfisk-3181031-2048x1368.webp 2048w, https:\/\/recacel.com\/wp-content\/uploads\/2025\/10\/pexels-tomfisk-3181031-18x12.webp 18w\" sizes=\"(max-width: 1024px) 100vw, 1024px\" \/><figcaption class=\"wp-element-caption\">Tom Fisk on Pexels<\/figcaption><\/figure>\n\n\n\n<p>El reciclaje es la etapa industrial que solo puede ocurrir cuando los residuos son clasificados, est\u00e1n limpios y en las condiciones adecuadas. Pero en Honduras y en muchos otros lugares de nuestro planeta, gran parte de los residuos especialmente los <strong>RAEE (Residuos de aparatos el\u00e9ctricos y electr\u00f3nicos)<\/strong>, peligrosos e industriales no llegan a una planta reciclaje. A\u00fan no existe un proceso de gesti\u00f3n responsable que los conduzca hasta all\u00ed. Por eso, cuando alguien menciona que recicla, en realidad est\u00e1 dando el primero paso: preparar los materiales para que puedan tener una segunda vida. Es as\u00ed por el cual existen las empresas gestoras de residuos, quienes se encargan del proceso y realizan cada actividad bajo una autorizaci\u00f3n garantizando que cada material llegue al destino adecuado. <\/p>\n\n\n\n<p>Esta es la parte invisible de reciclar: la gesti\u00f3n responsable.<\/p>\n\n\n\n<h2 class=\"wp-block-heading\">Entonces&#8230; \u00bfqu\u00e9 es gestionar residuos?<\/h2>\n\n\n\n<p>Gestionar es mucho m\u00e1s que recolectar o separar. Para nosotros, es un proceso t\u00e9cnico, log\u00edstico y documentado que asegura que cada residuo ya sea una botella pl\u00e1stica o un equipo m\u00e9dico tenga un destino correcto. <\/p>\n\n\n\n<p>Implica: <\/p>\n\n\n\n<ul class=\"wp-block-list\">\n<li>Clasificar<\/li>\n\n\n\n<li>Almacenar correctamente<\/li>\n\n\n\n<li>Transportar bajo normas ambientales<\/li>\n\n\n\n<li>Garantizar trazabilidad<\/li>\n\n\n\n<li>Disponer o valorizar <\/li>\n<\/ul>\n\n\n\n<figure class=\"wp-block-image aligncenter size-large\"><img decoding=\"async\" width=\"1024\" height=\"683\" src=\"https:\/\/recacel.com\/wp-content\/uploads\/2025\/10\/pexels-jozef-feher-356581-10852695-1024x683.webp\" alt=\"\" class=\"wp-image-8124\" srcset=\"https:\/\/recacel.com\/wp-content\/uploads\/2025\/10\/pexels-jozef-feher-356581-10852695-1024x683.webp 1024w, https:\/\/recacel.com\/wp-content\/uploads\/2025\/10\/pexels-jozef-feher-356581-10852695-300x200.webp 300w, https:\/\/recacel.com\/wp-content\/uploads\/2025\/10\/pexels-jozef-feher-356581-10852695-768x512.webp 768w, https:\/\/recacel.com\/wp-content\/uploads\/2025\/10\/pexels-jozef-feher-356581-10852695-1536x1024.webp 1536w, https:\/\/recacel.com\/wp-content\/uploads\/2025\/10\/pexels-jozef-feher-356581-10852695-2048x1365.webp 2048w, https:\/\/recacel.com\/wp-content\/uploads\/2025\/10\/pexels-jozef-feher-356581-10852695-18x12.webp 18w\" sizes=\"(max-width: 1024px) 100vw, 1024px\" \/><figcaption class=\"wp-element-caption\">Foto de Jozef Feh\u00e9r en Pexels<\/figcaption><\/figure>\n\n\n\n<p>En otras palabras, la gesti\u00f3n es el puente entre la intenci\u00f3n y la acci\u00f3n ambiental. Sin una gesti\u00f3n adecuada, el reciclaje no sucede; sin trazabilidad, la sostenibilidad no existe.<\/p>\n\n\n\n<h2 class=\"wp-block-heading\">\u00bfPor qu\u00e9 esta diferencia importa?<\/h2>\n\n\n\n<p>En Honduras, la mayor\u00eda de los residuos terminan en vertederos a cielo abierto o se mezcla con desechos com\u00fanes. Esto no solo impide a que los materiales valorizables se aprovechen sino que generan impactos ambientales directos como la contaminaci\u00f3n del suelo, filtraciones en agua subterr\u00e1neo y emisiones al aire. Por eso entender la diferencia entre &#8216;reciclar&#8217; y &#8216;gestionar&#8217; no es un detalle t\u00e9cnico, es una cuesti\u00f3n de responsabilidad ambiental y social. Hablar de reciclaje es un excelente punto de partida pero asegurar la gesti\u00f3n adecuada es el punto de diferencia. <\/p>\n\n\n\n<p>Las organizaciones que integran la gesti\u00f3n dentro de su estrategia ambiental fortalecen su cumplimiento, ganan transparencia y construyen confianza a largo plazo. Nos permite realizar procesos medibles y coherentes. <\/p>\n\n\n\n<h2 class=\"wp-block-heading\">\u00bfQu\u00e9 hace Recacel en este proceso?<\/h2>\n\n\n\n<p>En Recacel nuestra labor es ser parte del ciclo que pasa desapercibido, gestionar adecuadamente todos los residuos que pasan por nuestra planta. No transformamos materiales (a\u00fan) sino que nos aseguramos que lo que t\u00fa nos entregues, lleguen a convertirse en recursos para fabricar nuevos productos. <\/p>\n\n\n\n<p>Trabajamos con empresas, instituciones y comunidades para crear un sistema confiable, transparente y trazable. <\/p>\n\n\n\n<p>Nuestro proceso incluye: <\/p>\n\n\n\n<ul class=\"wp-block-list\">\n<li>Recolecci\u00f3n segura<\/li>\n\n\n\n<li>Clasificaci\u00f3n especializada de residuos: RAEE, PET, metales, l\u00e1mparas fluorescentes, aerosoles, lodos contaminados, medicamentos vencidos, etc.<\/li>\n\n\n\n<li>Documentaci\u00f3n de trazabilidad: cada empresa obtiene un certificado de gesti\u00f3n ambiental y un informe de trazabilidad con fotograf\u00edas y explicaci\u00f3n de cada proceso realizado.<\/li>\n\n\n\n<li>Alianzas nacionales e internacionales<\/li>\n\n\n\n<li>Proyectos de inversi\u00f3n social<\/li>\n<\/ul>\n\n\n\n<p>Gracias a este modelo, ayudamos a las empresas hondure\u00f1as a cumplir con est\u00e1ndares ambientales y a fortalecer su reputaci\u00f3n como <strong>aliados sostenibles.<\/strong><\/p>\n\n\n\n<h2 class=\"wp-block-heading\">Hacia una cultura de gesti\u00f3n no solo de reciclaje<\/h2>\n\n\n\n<p>Reciclar es una acci\u00f3n visible; gestionar es una acci\u00f3n consciente. Todo comienza con una decisi\u00f3n: separar correctamente tus residuos.<\/p>\n\n\n\n<p>Conoce qu\u00e9 residuos gestionamos: <a href=\"https:\/\/recacel.com\/en\/servicios\/\">Aqu\u00ed.<\/a><\/p>","protected":false},"excerpt":{"rendered":"<p>Muchos creen que reciclar y gestionar es lo mismo, pero no lo es. Descubr\u00ed la diferencia y el por qu\u00e9 la gesti\u00f3n responsable es clave para un reciclaje real en Honduras.<\/p>","protected":false},"author":1,"featured_media":8124,"comment_status":"open","ping_status":"open","sticky":false,"template":"","format":"standard","meta":{"pagelayer_contact_templates":[],"_pagelayer_content":"","footnotes":""},"categories":[50],"tags":[97,95,78,98,65,79,96],"class_list":["post-8122","post","type-post","status-publish","format-standard","has-post-thumbnail","hentry","category-educacion-ambiental","tag-educacion-ambiental","tag-gestion-ambiental","tag-honduras","tag-recacel-honduras","tag-reciclaje","tag-san-pedro-sula","tag-servicios-ambientales"],"blocksy_meta":{"page_structure_type":"default","disable_header":"no","styles_descriptor":{"styles":{"desktop":"","tablet":"","mobile":""},"google_fonts":[],"version":6}},"_links":{"self":[{"href":"https:\/\/recacel.com\/en\/wp-json\/wp\/v2\/posts\/8122","targetHints":{"allow":["GET"]}}],"collection":[{"href":"https:\/\/recacel.com\/en\/wp-json\/wp\/v2\/posts"}],"about":[{"href":"https:\/\/recacel.com\/en\/wp-json\/wp\/v2\/types\/post"}],"author":[{"embeddable":true,"href":"https:\/\/recacel.com\/en\/wp-json\/wp\/v2\/users\/1"}],"replies":[{"embeddable":true,"href":"https:\/\/recacel.com\/en\/wp-json\/wp\/v2\/comments?post=8122"}],"version-history":[{"count":1,"href":"https:\/\/recacel.com\/en\/wp-json\/wp\/v2\/posts\/8122\/revisions"}],"predecessor-version":[{"id":8125,"href":"https:\/\/recacel.com\/en\/wp-json\/wp\/v2\/posts\/8122\/revisions\/8125"}],"wp:featuredmedia":[{"embeddable":true,"href":"https:\/\/recacel.com\/en\/wp-json\/wp\/v2\/media\/8124"}],"wp:attachment":[{"href":"https:\/\/recacel.com\/en\/wp-json\/wp\/v2\/media?parent=8122"}],"wp:term":[{"taxonomy":"category","embeddable":true,"href":"https:\/\/recacel.com\/en\/wp-json\/wp\/v2\/categories?post=8122"},{"taxonomy":"post_tag","embeddable":true,"href":"https:\/\/recacel.com\/en\/wp-json\/wp\/v2\/tags?post=8122"}],"curies":[{"name":"wp","href":"https:\/\/api.w.org\/{rel}","templated":true}]}}