{"id":8165,"date":"2025-10-15T17:10:38","date_gmt":"2025-10-15T23:10:38","guid":{"rendered":"https:\/\/recacel.com\/?p=8165"},"modified":"2025-10-16T09:29:21","modified_gmt":"2025-10-16T15:29:21","slug":"reconecta-el-proyecto-que-transforma-residuos-electronicos-en-oportunidades-para-estudiantes-hondurenos","status":"publish","type":"post","link":"https:\/\/recacel.com\/en\/2025\/10\/15\/reconecta-el-proyecto-que-transforma-residuos-electronicos-en-oportunidades-para-estudiantes-hondurenos\/","title":{"rendered":"ReConecta: el proyecto que transforma residuos electr\u00f3nicos en oportunidades para estudiantes hondure\u00f1os"},"content":{"rendered":"<p>El <strong>14 de octubre de 2025<\/strong>, en el marco del <strong>D\u00eda Internacional de los Residuos de Aparatos El\u00e9ctricos y Electr\u00f3nicos (RAEE)<\/strong>, <strong>RECACEL<\/strong> celebr\u00f3 el <strong>lanzamiento oficial de ReConecta<\/strong>, un proyecto que une tecnolog\u00eda, sostenibilidad y educaci\u00f3n para reducir la brecha digital en Honduras.<\/p>\n\n\n\n<p>En esta primera entrega, visitamos al <strong>Centro Educativo B\u00e1sico Edmon L. Bogr\u00e1n<\/strong> ubicado en la ciudad de San Pedro Sula, Cort\u00e9s, Honduras, espec\u00edficamente en la comunidad de Cablotales carretera hacia Ticamaya. La directora Mayra Quiroz abri\u00f3 sus puertas para que el equipo RECACEL conociera las condiciones del aula de computaci\u00f3n; encontr\u00e1ndose as\u00ed con monitores obsoletos y computadoras en mal estado. <\/p>\n\n\n\n<figure class=\"wp-block-image aligncenter size-large has-custom-border\"><img fetchpriority=\"high\" decoding=\"async\" width=\"1024\" height=\"768\" src=\"https:\/\/recacel.com\/wp-content\/uploads\/2025\/10\/photo-2025-10-15-16-16-57-1024x768.jpg\" alt=\"Aula de clases con sillas y escritorios en mal estado\" class=\"wp-image-8166\" style=\"border-style:none;border-width:0px;border-radius:6px\" srcset=\"https:\/\/recacel.com\/wp-content\/uploads\/2025\/10\/photo-2025-10-15-16-16-57-1024x768.jpg 1024w, https:\/\/recacel.com\/wp-content\/uploads\/2025\/10\/photo-2025-10-15-16-16-57-300x225.jpg 300w, https:\/\/recacel.com\/wp-content\/uploads\/2025\/10\/photo-2025-10-15-16-16-57-768x576.jpg 768w, https:\/\/recacel.com\/wp-content\/uploads\/2025\/10\/photo-2025-10-15-16-16-57-16x12.jpg 16w, https:\/\/recacel.com\/wp-content\/uploads\/2025\/10\/photo-2025-10-15-16-16-57.jpg 1280w\" sizes=\"(max-width: 1024px) 100vw, 1024px\" \/><figcaption class=\"wp-element-caption\">Aula de computaci\u00f3n de la escuela Edmon L. Bogr\u00e1n antes. | Septiembre 2025.<\/figcaption><\/figure>\n\n\n\n<p><strong>ReConecta<\/strong> nace del compromiso de <strong>RECACEL<\/strong> por gestionar responsablemente los residuos electr\u00f3nicos (RAEE) y convertirlos en nuevas oportunidades.<br>Por cada 800 libras de RAEE gestionada de forma responsable, se reacondicionan y entregan <strong>computadoras funcionales a escuelas rurales<\/strong> del pa\u00eds. De esta manera, materiales que antes eran considerados desechos se transforman en <strong>herramientas de conocimiento, innovaci\u00f3n y cambio social.<\/strong><\/p>\n\n\n\n<p>Cada computadora representa el futuro de cada estudiante que desea superarse, de un docente que desee ense\u00f1ar con m\u00e1s recursos y una comunidad que ahora puede vivir conectada. Durante el evento de lanzamiento, la directora Mayra Quiroz, profesores y alumnos prepararon una ceremonia cultural con bailes folcl\u00f3ricos, discursos y un refrigerio para los asistentes. <\/p>\n\n\n\n<figure class=\"wp-block-image aligncenter size-large is-resized has-custom-border\"><img decoding=\"async\" width=\"1024\" height=\"536\" src=\"https:\/\/recacel.com\/wp-content\/uploads\/2025\/10\/dsc030261-1-1024x536.webp\" alt=\"\" class=\"wp-image-8168\" style=\"border-style:none;border-width:0px;border-radius:6px;width:1035px;height:auto\" srcset=\"https:\/\/recacel.com\/wp-content\/uploads\/2025\/10\/dsc030261-1-1024x536.webp 1024w, https:\/\/recacel.com\/wp-content\/uploads\/2025\/10\/dsc030261-1-300x157.webp 300w, https:\/\/recacel.com\/wp-content\/uploads\/2025\/10\/dsc030261-1-768x402.webp 768w, https:\/\/recacel.com\/wp-content\/uploads\/2025\/10\/dsc030261-1-1536x805.webp 1536w, https:\/\/recacel.com\/wp-content\/uploads\/2025\/10\/dsc030261-1-2048x1073.webp 2048w, https:\/\/recacel.com\/wp-content\/uploads\/2025\/10\/dsc030261-1-18x9.webp 18w\" sizes=\"(max-width: 1024px) 100vw, 1024px\" \/><figcaption class=\"wp-element-caption\">Alumnos del cuadro de danza del CEB Edmon L. Bogr\u00e1n | Octubre 2025.<\/figcaption><\/figure>\n\n\n\n<p>La jornada cont\u00f3 con la presencia de <strong>aliados comprometidos con la sostenibilidad y la educaci\u00f3n<\/strong>, entre ellos <strong><a href=\"https:\/\/fundahrse.org\/reconecta-transforma-residuos-peligrosos-para-donar-computadoras-a-escuelas-y-combatir-la-brecha-digital\/\" target=\"_blank\" rel=\"noopener\">FUNDAHRSE<\/a>, HONDUTEL, Corporaci\u00f3n Dinant y Lear Corporation<\/strong>, que apoyan la visi\u00f3n de conectar comunidades a trav\u00e9s de la tecnolog\u00eda.<\/p>\n\n\n\n<figure class=\"wp-block-image aligncenter size-large has-custom-border\"><img decoding=\"async\" width=\"1024\" height=\"763\" src=\"https:\/\/recacel.com\/wp-content\/uploads\/2025\/10\/captura-de-pantalla-2025-10-15-164246-1024x763.png\" alt=\"\" class=\"wp-image-8169\" style=\"border-style:none;border-width:0px;border-radius:6px\" srcset=\"https:\/\/recacel.com\/wp-content\/uploads\/2025\/10\/captura-de-pantalla-2025-10-15-164246-1024x763.png 1024w, https:\/\/recacel.com\/wp-content\/uploads\/2025\/10\/captura-de-pantalla-2025-10-15-164246-300x224.png 300w, https:\/\/recacel.com\/wp-content\/uploads\/2025\/10\/captura-de-pantalla-2025-10-15-164246-768x572.png 768w, https:\/\/recacel.com\/wp-content\/uploads\/2025\/10\/captura-de-pantalla-2025-10-15-164246-16x12.png 16w, https:\/\/recacel.com\/wp-content\/uploads\/2025\/10\/captura-de-pantalla-2025-10-15-164246.png 1157w\" sizes=\"(max-width: 1024px) 100vw, 1024px\" \/><figcaption class=\"wp-element-caption\">Aula ReConecta &#8211; CEB Edmon L. Bogr\u00e1n | Octubre 2025.<\/figcaption><\/figure>\n\n\n\n<p>Gracias al apoyo de <strong>HONDUTEL<\/strong>, la escuela ahora cuenta con conexi\u00f3n a Internet a trav\u00e9s de <strong><a href=\"https:\/\/www.starlink.com\/?srsltid=AfmBOortOXswxW43i6M2RD68nqcJWTTPdA9xqM-HXUqFWJPvGzpNdQGl\" target=\"_blank\" rel=\"noopener\">Starlink<\/a><\/strong>, garantizando que estudiantes y docentes puedan acceder a herramientas digitales de aprendizaje.<\/p>\n\n\n\n<figure class=\"wp-block-image aligncenter size-full is-resized has-custom-border\"><img loading=\"lazy\" decoding=\"async\" width=\"797\" height=\"592\" src=\"https:\/\/recacel.com\/wp-content\/uploads\/2025\/10\/captura-de-pantalla-2025-10-15-164132.png\" alt=\"\" class=\"wp-image-8170\" style=\"border-radius:6px;width:797px;height:auto\" srcset=\"https:\/\/recacel.com\/wp-content\/uploads\/2025\/10\/captura-de-pantalla-2025-10-15-164132.png 797w, https:\/\/recacel.com\/wp-content\/uploads\/2025\/10\/captura-de-pantalla-2025-10-15-164132-300x223.png 300w, https:\/\/recacel.com\/wp-content\/uploads\/2025\/10\/captura-de-pantalla-2025-10-15-164132-768x570.png 768w, https:\/\/recacel.com\/wp-content\/uploads\/2025\/10\/captura-de-pantalla-2025-10-15-164132-16x12.png 16w\" sizes=\"(max-width: 797px) 100vw, 797px\" \/><figcaption class=\"wp-element-caption\">Lic. Angie Pe\u00f1a, Directora de Desarrollo Empresarial y Marco Montalv\u00e1n oficial de log\u00edstica de <strong>FUNDAHRSE<\/strong><\/figcaption><\/figure>\n\n\n\n<figure class=\"wp-block-image aligncenter size-full\"><img loading=\"lazy\" decoding=\"async\" width=\"802\" height=\"597\" src=\"https:\/\/recacel.com\/wp-content\/uploads\/2025\/10\/imagen.png\" alt=\"\" class=\"wp-image-8171\" srcset=\"https:\/\/recacel.com\/wp-content\/uploads\/2025\/10\/imagen.png 802w, https:\/\/recacel.com\/wp-content\/uploads\/2025\/10\/imagen-300x223.png 300w, https:\/\/recacel.com\/wp-content\/uploads\/2025\/10\/imagen-768x572.png 768w, https:\/\/recacel.com\/wp-content\/uploads\/2025\/10\/imagen-16x12.png 16w\" sizes=\"(max-width: 802px) 100vw, 802px\" \/><figcaption class=\"wp-element-caption\">Camila L\u00f3pez, l\u00edder de branding y sostenibilidad de Recacel, Sr. Walter L\u00f3pez CEO de Recacel y el Ing. Salvador Hasbun de HONDUTEL dialogando en el aula ReConecta del CEB Edmon L. Bogr\u00e1n. | Octubre 2025<\/figcaption><\/figure>\n\n\n\n<figure class=\"wp-block-image aligncenter size-full has-custom-border\"><img loading=\"lazy\" decoding=\"async\" width=\"591\" height=\"602\" src=\"https:\/\/recacel.com\/wp-content\/uploads\/2025\/10\/captura-de-pantalla-2025-10-15-170340.png\" alt=\"\" class=\"wp-image-8172\" style=\"border-radius:6px\" srcset=\"https:\/\/recacel.com\/wp-content\/uploads\/2025\/10\/captura-de-pantalla-2025-10-15-170340.png 591w, https:\/\/recacel.com\/wp-content\/uploads\/2025\/10\/captura-de-pantalla-2025-10-15-170340-295x300.png 295w, https:\/\/recacel.com\/wp-content\/uploads\/2025\/10\/captura-de-pantalla-2025-10-15-170340-12x12.png 12w\" sizes=\"(max-width: 591px) 100vw, 591px\" \/><figcaption class=\"wp-element-caption\">Alumnos del centro educativo pesando sus residuos reciclables. | 14 de Octubre 2025<\/figcaption><\/figure>\n\n\n\n<figure class=\"wp-block-image aligncenter size-full has-custom-border\"><img loading=\"lazy\" decoding=\"async\" width=\"747\" height=\"595\" src=\"https:\/\/recacel.com\/wp-content\/uploads\/2025\/10\/captura-de-pantalla-2025-10-15-170505.png\" alt=\"\" class=\"wp-image-8173\" style=\"border-radius:6px\" srcset=\"https:\/\/recacel.com\/wp-content\/uploads\/2025\/10\/captura-de-pantalla-2025-10-15-170505.png 747w, https:\/\/recacel.com\/wp-content\/uploads\/2025\/10\/captura-de-pantalla-2025-10-15-170505-300x239.png 300w, https:\/\/recacel.com\/wp-content\/uploads\/2025\/10\/captura-de-pantalla-2025-10-15-170505-15x12.png 15w\" sizes=\"(max-width: 747px) 100vw, 747px\" \/><figcaption class=\"wp-element-caption\">La directora Mayra Quiroz junto a sus alumnos en el aula ReConecta. | Octubre 2025<\/figcaption><\/figure>\n\n\n\n<figure class=\"wp-block-image aligncenter size-full has-custom-border\"><img loading=\"lazy\" decoding=\"async\" width=\"604\" height=\"595\" src=\"https:\/\/recacel.com\/wp-content\/uploads\/2025\/10\/captura-de-pantalla-2025-10-15-170719.png\" alt=\"\" class=\"wp-image-8174\" style=\"border-radius:6px\" srcset=\"https:\/\/recacel.com\/wp-content\/uploads\/2025\/10\/captura-de-pantalla-2025-10-15-170719.png 604w, https:\/\/recacel.com\/wp-content\/uploads\/2025\/10\/captura-de-pantalla-2025-10-15-170719-300x296.png 300w, https:\/\/recacel.com\/wp-content\/uploads\/2025\/10\/captura-de-pantalla-2025-10-15-170719-12x12.png 12w\" sizes=\"(max-width: 604px) 100vw, 604px\" \/><figcaption class=\"wp-element-caption\">Equipo de RECACEL TGU asisti\u00f3 al evento apoyando en la recolecci\u00f3n y pesaje de los residuos reciclables del centro educativo. | Octubre 2025<\/figcaption><\/figure>\n\n\n\n<figure class=\"wp-block-image aligncenter size-full has-custom-border\"><img loading=\"lazy\" decoding=\"async\" width=\"793\" height=\"595\" src=\"https:\/\/recacel.com\/wp-content\/uploads\/2025\/10\/imagen-1.png\" alt=\"\" class=\"wp-image-8175\" style=\"border-radius:6px\" srcset=\"https:\/\/recacel.com\/wp-content\/uploads\/2025\/10\/imagen-1.png 793w, https:\/\/recacel.com\/wp-content\/uploads\/2025\/10\/imagen-1-300x225.png 300w, https:\/\/recacel.com\/wp-content\/uploads\/2025\/10\/imagen-1-768x576.png 768w, https:\/\/recacel.com\/wp-content\/uploads\/2025\/10\/imagen-1-16x12.png 16w\" sizes=\"(max-width: 793px) 100vw, 793px\" \/><figcaption class=\"wp-element-caption\">Los alumnos fabricaron sus propios abanicos de cart\u00f3n con el logotipo de Recacel. | ReConecta Octubre 2025.<\/figcaption><\/figure>\n\n\n\n<p><strong>\u00bfQuieres ser parte de este cambio?<\/strong><br>Tu empresa, organizaci\u00f3n o instituci\u00f3n puede convertirse en <strong>aliada de ReConecta<\/strong>, donando residuos electr\u00f3nicos o apoyando con recursos para la recuperaci\u00f3n y reacondicionamiento de equipos. Env\u00edanos un correo electr\u00f3nico a comunicaciones@recacel.com. \u00a1Nos encantar\u00eda contar con tu apoyo! <\/p>\n\n\n\n<p><em>Para voluntariado, cont\u00e1ctanos al +504 9809-6062.<\/em><\/p>\n\n\n\n<p>Conoce m\u00e1s sobre proyecto ReConecta dando clic <a href=\"https:\/\/recacel.com\/en\/proyecto-reconecta\/\">aqu\u00ed.<\/a><\/p>","protected":false},"excerpt":{"rendered":"<p>El 14 de octubre, D\u00eda Internacional de los RAEE, RECACEL lanz\u00f3 el proyecto ReConecta en San Pedro Sula, transformando residuos electr\u00f3nicos en oportunidades educativas para estudiantes de escuelas p\u00fablicas.<\/p>","protected":false},"author":1,"featured_media":8169,"comment_status":"open","ping_status":"open","sticky":false,"template":"","format":"standard","meta":{"pagelayer_contact_templates":[],"_pagelayer_content":"","footnotes":""},"categories":[85,50,101],"tags":[99,100],"class_list":["post-8165","post","type-post","status-publish","format-standard","has-post-thumbnail","hentry","category-eventos","category-educacion-ambiental","category-proyecto-reconecta","tag-reconecta","tag-residuos"],"blocksy_meta":[],"_links":{"self":[{"href":"https:\/\/recacel.com\/en\/wp-json\/wp\/v2\/posts\/8165","targetHints":{"allow":["GET"]}}],"collection":[{"href":"https:\/\/recacel.com\/en\/wp-json\/wp\/v2\/posts"}],"about":[{"href":"https:\/\/recacel.com\/en\/wp-json\/wp\/v2\/types\/post"}],"author":[{"embeddable":true,"href":"https:\/\/recacel.com\/en\/wp-json\/wp\/v2\/users\/1"}],"replies":[{"embeddable":true,"href":"https:\/\/recacel.com\/en\/wp-json\/wp\/v2\/comments?post=8165"}],"version-history":[{"count":1,"href":"https:\/\/recacel.com\/en\/wp-json\/wp\/v2\/posts\/8165\/revisions"}],"predecessor-version":[{"id":8176,"href":"https:\/\/recacel.com\/en\/wp-json\/wp\/v2\/posts\/8165\/revisions\/8176"}],"wp:featuredmedia":[{"embeddable":true,"href":"https:\/\/recacel.com\/en\/wp-json\/wp\/v2\/media\/8169"}],"wp:attachment":[{"href":"https:\/\/recacel.com\/en\/wp-json\/wp\/v2\/media?parent=8165"}],"wp:term":[{"taxonomy":"category","embeddable":true,"href":"https:\/\/recacel.com\/en\/wp-json\/wp\/v2\/categories?post=8165"},{"taxonomy":"post_tag","embeddable":true,"href":"https:\/\/recacel.com\/en\/wp-json\/wp\/v2\/tags?post=8165"}],"curies":[{"name":"wp","href":"https:\/\/api.w.org\/{rel}","templated":true}]}}