{"id":8186,"date":"2025-10-21T14:41:26","date_gmt":"2025-10-21T20:41:26","guid":{"rendered":"https:\/\/recacel.com\/?p=8186"},"modified":"2025-10-21T14:41:32","modified_gmt":"2025-10-21T20:41:32","slug":"recacel-impulsa-la-gestion-responsable-de-residuos-medicos-en-expomed-2025","status":"publish","type":"post","link":"https:\/\/recacel.com\/en\/2025\/10\/21\/recacel-impulsa-la-gestion-responsable-de-residuos-medicos-en-expomed-2025\/","title":{"rendered":"Recacel impulsa la gesti\u00f3n responsable de residuos m\u00e9dicos en EXPOMED 2025"},"content":{"rendered":"<p>San Pedro Sula. Octubre 2025.<\/p>\n\n\n\n<p>RECACEL particip\u00f3 en <strong><a href=\"https:\/\/expomed.hn\/\" target=\"_blank\" rel=\"noopener\">Expomed <\/a>2025<\/strong>, el evento m\u00e1s importante del sector m\u00e9dico y hospitalario en Honduras, presentando sus innovadores <strong>Separadores en la Fuente de Origen (SFO)<\/strong> y sus <strong>servicios de gesti\u00f3n de residuos especiales<\/strong>. El stand de RECACEL fue punto de encuentro para cl\u00ednicas, hospitales y laboratorios interesados en adoptar <strong>soluciones seguras, sostenibles y reguladas<\/strong> para el manejo de sus residuos.<\/p>\n\n\n\n<h2 class=\"wp-block-heading\">Separadores en la Fuente de Origen (<strong>SFO<\/strong>): una herramienta pr\u00e1ctica para la correcta clasificaci\u00f3n<\/h2>\n\n\n\n<p>Durante la feria, los visitantes pudieron conocer los <strong>SFO<\/strong>, contenedores dise\u00f1ados por RECACEL que facilitan la <strong>separaci\u00f3n de residuos desde el punto de generaci\u00f3n<\/strong>, permitiendo una gesti\u00f3n m\u00e1s eficiente, segura y trazable.<br>Cada separador cuenta con un sistema de <strong>etiquetado por tipo de residuo<\/strong>: pl\u00e1stico PET, org\u00e1nicos + recipientes de un solo uso y aluminio que ayuda a reducir la contaminaci\u00f3n cruzada y promueve la responsabilidad ambiental dentro de las instituciones. El prototipo fue exhibido en Expomed con el prop\u00f3sito de recolectar data y retroalimentaci\u00f3n por parte de los asistentes. <\/p>\n\n\n\n<figure class=\"wp-block-image aligncenter size-large is-resized\"><img fetchpriority=\"high\" decoding=\"async\" width=\"529\" height=\"1024\" src=\"https:\/\/recacel.com\/wp-content\/uploads\/2025\/10\/photo-2025-10-21-14-28-19-529x1024.webp\" alt=\"\" class=\"wp-image-8189\" style=\"aspect-ratio:1.3333333333333333;object-fit:contain;width:892px;height:auto\" srcset=\"https:\/\/recacel.com\/wp-content\/uploads\/2025\/10\/photo-2025-10-21-14-28-19-529x1024.webp 529w, https:\/\/recacel.com\/wp-content\/uploads\/2025\/10\/photo-2025-10-21-14-28-19-155x300.webp 155w, https:\/\/recacel.com\/wp-content\/uploads\/2025\/10\/photo-2025-10-21-14-28-19-768x1487.webp 768w, https:\/\/recacel.com\/wp-content\/uploads\/2025\/10\/photo-2025-10-21-14-28-19-794x1536.webp 794w, https:\/\/recacel.com\/wp-content\/uploads\/2025\/10\/photo-2025-10-21-14-28-19-1058x2048.webp 1058w, https:\/\/recacel.com\/wp-content\/uploads\/2025\/10\/photo-2025-10-21-14-28-19-6x12.webp 6w, https:\/\/recacel.com\/wp-content\/uploads\/2025\/10\/photo-2025-10-21-14-28-19.webp 1118w\" sizes=\"(max-width: 529px) 100vw, 529px\" \/><figcaption class=\"wp-element-caption\">Separadores en la Fuente de Origen (SFO) en exhibici\u00f3n. Prototipo. | Octubre 2025<\/figcaption><\/figure>\n\n\n\n<h2 class=\"wp-block-heading\">Compromiso con el gremio m\u00e9dico<\/h2>\n\n\n\n<p>Adem\u00e1s de exhibir los SFO, RECACEL present\u00f3 sus <strong>servicios de gesti\u00f3n de residuos especiales<\/strong>, orientados al sector m\u00e9dico, cl\u00ednico y de laboratorio.<br>Estos servicios garantizan el <strong>manejo seguro, transporte y disposici\u00f3n final responsable<\/strong> de residuos como l\u00e1mparas fluorescentes, aparatos electr\u00f3nicos fuera de uso (RAEE) o materiales contaminados.<\/p>\n\n\n\n<p>Con esta participaci\u00f3n, RECACEL reafirma su compromiso con la <strong>salud ambiental<\/strong> y la <strong>prevenci\u00f3n de riesgos<\/strong> en el \u00e1mbito m\u00e9dico, contribuyendo directamente a los <strong>Objetivos de Desarrollo Sostenible (ODS)<\/strong> relacionados con salud, ciudades sostenibles y producci\u00f3n responsable.<\/p>\n\n\n\n<figure class=\"wp-block-image aligncenter size-large has-custom-border\"><img decoding=\"async\" width=\"768\" height=\"1024\" src=\"https:\/\/recacel.com\/wp-content\/uploads\/2025\/10\/photo-2025-10-21-14-19-35-768x1024.webp\" alt=\"\" class=\"wp-image-8187\" style=\"border-style:none;border-width:0px;border-radius:6px\" srcset=\"https:\/\/recacel.com\/wp-content\/uploads\/2025\/10\/photo-2025-10-21-14-19-35-768x1024.webp 768w, https:\/\/recacel.com\/wp-content\/uploads\/2025\/10\/photo-2025-10-21-14-19-35-225x300.webp 225w, https:\/\/recacel.com\/wp-content\/uploads\/2025\/10\/photo-2025-10-21-14-19-35-9x12.webp 9w, https:\/\/recacel.com\/wp-content\/uploads\/2025\/10\/photo-2025-10-21-14-19-35.webp 960w\" sizes=\"(max-width: 768px) 100vw, 768px\" \/><figcaption class=\"wp-element-caption\">Participaci\u00f3n de Recacel en Expomed 2025. | 16 de octubre 2025<\/figcaption><\/figure>\n\n\n\n<h2 class=\"wp-block-heading\">Una feria con prop\u00f3sito<\/h2>\n\n\n\n<p><strong>Expomed 2025 <\/strong>fue una oportunidad para fortalecer alianzas con empresas del sector salud, instituciones educativas y proveedores comprometidos con la sostenibilidad.<br>El evento permiti\u00f3 a <strong>RECACEL<\/strong> <strong>concientizar, inspirar y conectar<\/strong> con organizaciones comprometidas con mejorar sus pr\u00e1cticas de <strong>gesti\u00f3n ambiental<\/strong>. Durante la jornada, tambi\u00e9n se comparti\u00f3 informaci\u00f3n sobre el proyecto <strong><a href=\"https:\/\/recacel.com\/en\/2025\/10\/15\/reconecta-el-proyecto-que-transforma-residuos-electronicos-en-oportunidades-para-estudiantes-hondurenos\/\">ReConecta<\/a><\/strong>, una iniciativa impulsada por RECACEL que busca reducir la brecha digital a trav\u00e9s del reacondicionamiento de equipos tecnol\u00f3gicos.<br>Esta presentaci\u00f3n gener\u00f3 un <strong>creciente inter\u00e9s por parte de instituciones y empresas<\/strong> que desean sumarse a los programas de sostenibilidad y responsabilidad social que promueve la empresa.<\/p>\n\n\n\n<figure class=\"wp-block-image aligncenter size-large is-resized has-custom-border\"><img decoding=\"async\" width=\"576\" height=\"1024\" src=\"https:\/\/recacel.com\/wp-content\/uploads\/2025\/10\/photo-2025-10-21-14-19-41-576x1024.webp\" alt=\"\" class=\"wp-image-8188\" style=\"border-style:none;border-width:0px;border-radius:6px;width:560px;height:auto\" srcset=\"https:\/\/recacel.com\/wp-content\/uploads\/2025\/10\/photo-2025-10-21-14-19-41-576x1024.webp 576w, https:\/\/recacel.com\/wp-content\/uploads\/2025\/10\/photo-2025-10-21-14-19-41-169x300.webp 169w, https:\/\/recacel.com\/wp-content\/uploads\/2025\/10\/photo-2025-10-21-14-19-41-7x12.webp 7w, https:\/\/recacel.com\/wp-content\/uploads\/2025\/10\/photo-2025-10-21-14-19-41.webp 720w\" sizes=\"(max-width: 576px) 100vw, 576px\" \/><figcaption class=\"wp-element-caption\">Obsequios brindados a quienes nos visitaban en Expomed 2025. | Octubre 2025<\/figcaption><\/figure>\n\n\n\n<p>\u00bfQuieres implementar un sistema de gesti\u00f3n de residuos en tu cl\u00ednica o laboratorio? Obt\u00e9n tu SFO <strong>gratis<\/strong>, cont\u00e1ctanos para obtener el tuyo. <\/p>\n\n\n\n<p><strong>Escr\u00edbenos al WhatsApp +504 9809-6062 para consultas, cotizaciones y m\u00e1s informaci\u00f3n.<\/strong><\/p>\n\n\n\n<p>Transformemos juntos los residuos en oportunidades para un futuro m\u00e1s limpio.<\/p>\n\n\n\n<p><\/p>","protected":false},"excerpt":{"rendered":"<p>Recacel particip\u00f3 en Expomed 2025 presentando sus separadores de residuos y promoviendo la gesti\u00f3n responsable de desechos en el sector m\u00e9dico hondure\u00f1o.<\/p>","protected":false},"author":1,"featured_media":8187,"comment_status":"open","ping_status":"open","sticky":false,"template":"","format":"standard","meta":{"pagelayer_contact_templates":[],"_pagelayer_content":"","footnotes":""},"categories":[85,69],"tags":[104,102],"class_list":["post-8186","post","type-post","status-publish","format-standard","has-post-thumbnail","hentry","category-eventos","category-residuos-especiales","tag-eventos","tag-expomed2025"],"blocksy_meta":[],"_links":{"self":[{"href":"https:\/\/recacel.com\/en\/wp-json\/wp\/v2\/posts\/8186","targetHints":{"allow":["GET"]}}],"collection":[{"href":"https:\/\/recacel.com\/en\/wp-json\/wp\/v2\/posts"}],"about":[{"href":"https:\/\/recacel.com\/en\/wp-json\/wp\/v2\/types\/post"}],"author":[{"embeddable":true,"href":"https:\/\/recacel.com\/en\/wp-json\/wp\/v2\/users\/1"}],"replies":[{"embeddable":true,"href":"https:\/\/recacel.com\/en\/wp-json\/wp\/v2\/comments?post=8186"}],"version-history":[{"count":1,"href":"https:\/\/recacel.com\/en\/wp-json\/wp\/v2\/posts\/8186\/revisions"}],"predecessor-version":[{"id":8190,"href":"https:\/\/recacel.com\/en\/wp-json\/wp\/v2\/posts\/8186\/revisions\/8190"}],"wp:featuredmedia":[{"embeddable":true,"href":"https:\/\/recacel.com\/en\/wp-json\/wp\/v2\/media\/8187"}],"wp:attachment":[{"href":"https:\/\/recacel.com\/en\/wp-json\/wp\/v2\/media?parent=8186"}],"wp:term":[{"taxonomy":"category","embeddable":true,"href":"https:\/\/recacel.com\/en\/wp-json\/wp\/v2\/categories?post=8186"},{"taxonomy":"post_tag","embeddable":true,"href":"https:\/\/recacel.com\/en\/wp-json\/wp\/v2\/tags?post=8186"}],"curies":[{"name":"wp","href":"https:\/\/api.w.org\/{rel}","templated":true}]}}