{"id":8325,"date":"2026-02-19T13:39:11","date_gmt":"2026-02-19T19:39:11","guid":{"rendered":"https:\/\/recacel.com\/?p=8325"},"modified":"2026-02-19T13:39:14","modified_gmt":"2026-02-19T19:39:14","slug":"proyecto-reconecta-impulsa-la-educacion-en-honduras-instalando-13-computadoras-en-la-escuela-cesar-lopez-perez","status":"publish","type":"post","link":"https:\/\/recacel.com\/en\/2026\/02\/19\/proyecto-reconecta-impulsa-la-educacion-en-honduras-instalando-13-computadoras-en-la-escuela-cesar-lopez-perez\/","title":{"rendered":"Proyecto ReConecta impulsa la educaci\u00f3n en Honduras instalando 13 computadoras en la Escuela C\u00e9sar L\u00f3pez P\u00e9rez"},"content":{"rendered":"<p>En Honduras, m\u00e1s del 60% de los centros educativos p\u00fablicos no cuentan con suficientes equipos tecnol\u00f3gicos para cubrir la demanda estudiantil, y miles de alumnos siguen enfrentando brechas digitales que limitan su acceso a herramientas b\u00e1sicas de aprendizaje. En un contexto donde la tecnolog\u00eda ya no es un lujo sino una necesidad, iniciativas que conectan educaci\u00f3n y sostenibilidad se vuelven urgentes. <\/p>\n\n\n\n<p><strong>San Pedro Sula, 17 de febrero de 2026.<\/strong> Un total de <strong>13 computadoras de escritorio<\/strong> fueron entregadas este martes al Centro de Educaci\u00f3n B\u00e1sica C\u00e9sar L\u00f3pez P\u00e9rez, en el sector Sat\u00e9lite de San Pedro Sula, beneficiando directamente a m\u00e1s de <strong>300 estudiantes<\/strong>.<\/p>\n\n\n\n<p>Los equipos fueron canjeados gracias a la recolecci\u00f3n de residuos reciclables como papel, pl\u00e1stico PET, metales y residuos de aparatos el\u00e9ctricos y electr\u00f3nicos (RAEE), gestionados a trav\u00e9s del <strong>Proyecto ReConecta<\/strong>, iniciativa de inversi\u00f3n social impulsada por RECACEL.<\/p>\n\n\n\n<p>Desde que el centro educativo inici\u00f3 su participaci\u00f3n en el proyecto, ha logrado avanzar significativamente hacia su meta de instalar un aula tecnol\u00f3gica funcional. Actualmente, con estas 13 computadoras entregadas, la escuela se acerca a su objetivo final de <strong>20 equipos<\/strong>.<\/p>\n\n\n\n<p>Este logro ha sido posible gracias al compromiso de aliados estrat\u00e9gicos como <strong>Empresa Barjum<\/strong> y la <strong>Universidad Tecnol\u00f3gica Centroamericana (UNITEC)<\/strong>, quienes han aportado residuos valorizables y apoyo al proyecto, demostrando que la colaboraci\u00f3n entre empresa privada, comunidad y sector educativo puede generar resultados concretos.<\/p>\n\n\n\n<p>Previo a esta entrega, <strong>los estudiantes, docentes y familias del centro educativo tambi\u00e9n realizaron una Reciclat\u00f3n<\/strong>, recolectando residuos dentro de su comunidad, demostrando que el impacto del proyecto nace tanto del apoyo empresarial como de la participaci\u00f3n activa de la escuela.<\/p>\n\n\n\n<figure class=\"wp-block-image aligncenter size-large is-resized has-custom-border\"><img fetchpriority=\"high\" decoding=\"async\" width=\"1024\" height=\"683\" src=\"https:\/\/recacel.com\/wp-content\/uploads\/2026\/02\/capacitacionfortius-32-1024x683.webp\" alt=\"\" class=\"wp-image-8327\" style=\"border-top-left-radius:8px;border-top-right-radius:8px;border-bottom-left-radius:8px;border-bottom-right-radius:8px;aspect-ratio:1.499271863464388;width:978px;height:auto\" srcset=\"https:\/\/recacel.com\/wp-content\/uploads\/2026\/02\/capacitacionfortius-32-1024x683.webp 1024w, https:\/\/recacel.com\/wp-content\/uploads\/2026\/02\/capacitacionfortius-32-300x200.webp 300w, https:\/\/recacel.com\/wp-content\/uploads\/2026\/02\/capacitacionfortius-32-768x512.webp 768w, https:\/\/recacel.com\/wp-content\/uploads\/2026\/02\/capacitacionfortius-32-1536x1024.webp 1536w, https:\/\/recacel.com\/wp-content\/uploads\/2026\/02\/capacitacionfortius-32-2048x1365.webp 2048w, https:\/\/recacel.com\/wp-content\/uploads\/2026\/02\/capacitacionfortius-32-18x12.webp 18w\" sizes=\"(max-width: 1024px) 100vw, 1024px\" \/><figcaption class=\"wp-element-caption\">Los estudiantes del centro interact\u00faan con curiosidad con sus nuevas computadoras de escritorio. ReConecta Febrero 2026<\/figcaption><\/figure>\n\n\n\n<h2 class=\"wp-block-heading\">Tecnolog\u00eda que nace del reciclaje<\/h2>\n\n\n\n<p>El Proyecto ReConecta tiene como objetivo reactivar aulas de c\u00f3mputo en escuelas p\u00fablicas mediante un modelo circular: los residuos reciclables se recolectan en jornadas llamadas <strong>Reciclatones<\/strong>, se gestionan de forma responsable y luego se transforman en computadoras reacondicionadas listas para uso educativo.<\/p>\n\n\n\n<p>M\u00e1s que una donaci\u00f3n, el proyecto promueve una cultura de corresponsabilidad ambiental, donde cada libra de papel o equipo electr\u00f3nico entregado representa una oportunidad de aprendizaje para un estudiante.<\/p>\n\n\n\n<h2 class=\"wp-block-heading\">Pr\u00f3xima meta: completar las 20 computadoras<\/h2>\n\n\n\n<p>Para alcanzar la meta de 20 equipos y consolidar el aula tecnol\u00f3gica del CEB C\u00e9sar L\u00f3pez P\u00e9rez, el centro educativo realizar\u00e1 una nueva jornada de recolecci\u00f3n el pr\u00f3ximo <strong>28 de febrero<\/strong>, de 8:00 a.m. a 12:00 m., abierta a toda la comunidad.<\/p>\n\n\n\n<p>Durante la Reciclat\u00f3n se estar\u00e1n recibiendo:<\/p>\n\n\n\n<ul class=\"wp-block-list\">\n<li>Residuos de aparatos el\u00e9ctricos y electr\u00f3nicos (RAEE)<\/li>\n\n\n\n<li>Paper <\/li>\n\n\n\n<li>Pl\u00e1stico PET<\/li>\n\n\n\n<li>Metals<\/li>\n<\/ul>\n\n\n\n<p>Cada aporte suma. Cada residuo cuenta.<\/p>\n\n\n\n<h2 class=\"wp-block-heading\">Educaci\u00f3n, comunidad y futuro<\/h2>\n\n\n\n<p>Con iniciativas como ReConecta, el reciclaje deja de ser un acto aislado y se convierte en una herramienta de transformaci\u00f3n social. La instalaci\u00f3n de estas 13 computadoras no solo representa equipos tecnol\u00f3gicos en un aula, sino nuevas posibilidades de aprendizaje, investigaci\u00f3n y desarrollo para cientos de ni\u00f1os y ni\u00f1as del sector Sat\u00e9lite.<\/p>\n\n\n\n<p>Las empresas, organizaciones y ciudadanos interesados en sumarse pueden hacerlo a trav\u00e9s de futuras jornadas de recolecci\u00f3n o convirti\u00e9ndose en aliados del proyecto.<\/p>\n\n\n\n<p>Porque cuando el reciclaje se conecta con la educaci\u00f3n, el impacto trasciende generaciones.<\/p>\n\n\n\n<figure class=\"wp-block-image aligncenter size-large has-custom-border wp-duotone-grayscale\"><img decoding=\"async\" width=\"1024\" height=\"683\" src=\"https:\/\/recacel.com\/wp-content\/uploads\/2026\/02\/capacitacionfortius-12-1024x683.webp\" alt=\"\" class=\"wp-image-8328\" style=\"border-top-left-radius:8px;border-top-right-radius:8px;border-bottom-left-radius:8px;border-bottom-right-radius:8px\" srcset=\"https:\/\/recacel.com\/wp-content\/uploads\/2026\/02\/capacitacionfortius-12-1024x683.webp 1024w, https:\/\/recacel.com\/wp-content\/uploads\/2026\/02\/capacitacionfortius-12-300x200.webp 300w, https:\/\/recacel.com\/wp-content\/uploads\/2026\/02\/capacitacionfortius-12-768x512.webp 768w, https:\/\/recacel.com\/wp-content\/uploads\/2026\/02\/capacitacionfortius-12-1536x1024.webp 1536w, https:\/\/recacel.com\/wp-content\/uploads\/2026\/02\/capacitacionfortius-12-2048x1365.webp 2048w, https:\/\/recacel.com\/wp-content\/uploads\/2026\/02\/capacitacionfortius-12-18x12.webp 18w\" sizes=\"(max-width: 1024px) 100vw, 1024px\" \/><\/figure>","protected":false},"excerpt":{"rendered":"<p>En Honduras, m\u00e1s del 60% de los centros educativos p\u00fablicos no cuentan con suficientes equipos tecnol\u00f3gicos para cubrir la demanda estudiantil, y miles de alumnos siguen enfrentando brechas digitales que limitan su acceso a herramientas b\u00e1sicas de aprendizaje. En un contexto donde la tecnolog\u00eda ya no es un lujo sino una necesidad, iniciativas que conectan [&hellip;]<\/p>","protected":false},"author":1,"featured_media":8326,"comment_status":"open","ping_status":"open","sticky":false,"template":"","format":"standard","meta":{"pagelayer_contact_templates":[],"_pagelayer_content":"","footnotes":""},"categories":[101,50,85],"tags":[97,78,117,92,65,99,118],"class_list":["post-8325","post","type-post","status-publish","format-standard","has-post-thumbnail","hentry","category-proyecto-reconecta","category-educacion-ambiental","category-eventos","tag-educacion-ambiental","tag-honduras","tag-inversion-social","tag-proyectos","tag-reciclaje","tag-reconecta","tag-tecnologia"],"blocksy_meta":[],"_links":{"self":[{"href":"https:\/\/recacel.com\/en\/wp-json\/wp\/v2\/posts\/8325","targetHints":{"allow":["GET"]}}],"collection":[{"href":"https:\/\/recacel.com\/en\/wp-json\/wp\/v2\/posts"}],"about":[{"href":"https:\/\/recacel.com\/en\/wp-json\/wp\/v2\/types\/post"}],"author":[{"embeddable":true,"href":"https:\/\/recacel.com\/en\/wp-json\/wp\/v2\/users\/1"}],"replies":[{"embeddable":true,"href":"https:\/\/recacel.com\/en\/wp-json\/wp\/v2\/comments?post=8325"}],"version-history":[{"count":2,"href":"https:\/\/recacel.com\/en\/wp-json\/wp\/v2\/posts\/8325\/revisions"}],"predecessor-version":[{"id":8330,"href":"https:\/\/recacel.com\/en\/wp-json\/wp\/v2\/posts\/8325\/revisions\/8330"}],"wp:featuredmedia":[{"embeddable":true,"href":"https:\/\/recacel.com\/en\/wp-json\/wp\/v2\/media\/8326"}],"wp:attachment":[{"href":"https:\/\/recacel.com\/en\/wp-json\/wp\/v2\/media?parent=8325"}],"wp:term":[{"taxonomy":"category","embeddable":true,"href":"https:\/\/recacel.com\/en\/wp-json\/wp\/v2\/categories?post=8325"},{"taxonomy":"post_tag","embeddable":true,"href":"https:\/\/recacel.com\/en\/wp-json\/wp\/v2\/tags?post=8325"}],"curies":[{"name":"wp","href":"https:\/\/api.w.org\/{rel}","templated":true}]}}